{"id":1991,"date":"2026-01-28T16:39:41","date_gmt":"2026-01-28T16:39:41","guid":{"rendered":"https:\/\/datajusta.cl\/?p=1991"},"modified":"2026-01-28T16:39:42","modified_gmt":"2026-01-28T16:39:42","slug":"contar-para-existir-datos-genero-y-justicia-en-la-respuesta-estatal-al-feminicidio","status":"publish","type":"post","link":"https:\/\/datajusta.cl\/es\/noticias\/contar-para-existir-datos-genero-y-justicia-en-la-respuesta-estatal-al-feminicidio\/","title":{"rendered":"Contar para existir: datos, g\u00e9nero y justicia en la respuesta estatal al femi(ni)cidio"},"content":{"rendered":"\n<p>En el marco del <strong>XIII Encuentro Red CTS<\/strong>, realizado en la <strong>Universidad de Concepci\u00f3n<\/strong>, las investigadoras <strong><a href=\"https:\/\/datajusta.cl\/es\/miembros-del-equipo\/paola-moreno\/\" target=\"_blank\" rel=\"noreferrer noopener\">Paola Moreno<\/a><\/strong> y <strong><a href=\"https:\/\/datajusta.cl\/es\/miembros-del-equipo\/dra-oriana-bernasconi\/\" target=\"_blank\" rel=\"noreferrer noopener\">Oriana Bernasconi<\/a><\/strong> presentaron la ponencia <em>\u201cContar para existir: femicidio, feminicidio e infraestructuras de datos en la justicia de g\u00e9nero en Am\u00e9rica Latina\u201d<\/em>, como parte de la Mesa \u201cAn\u00e1lisis cr\u00edtico de pol\u00edticas p\u00fablicas II\u201d.<\/p>\n\n\n\n<p>La presentaci\u00f3n abord\u00f3 una pregunta central: <strong>\u00bfc\u00f3mo responde el Estado cuando una mujer es asesinada y qu\u00e9 papel cumplen los datos en esa respuesta?<\/strong> Desde una perspectiva feminista y situada, la ponencia analiz\u00f3 c\u00f3mo las categor\u00edas de femicidio y feminicidio, desarrolladas en Am\u00e9rica Latina, no solo nombran la violencia de g\u00e9nero, sino que tambi\u00e9n configuran infraestructuras institucionales que determinan qu\u00e9 muertes son registradas, c\u00f3mo se contabilizan y cu\u00e1les quedan fuera de los sistemas oficiales.<\/p>\n\n\n\n<figure class=\"wp-block-image size-large\"><img fetchpriority=\"high\" decoding=\"async\" width=\"576\" height=\"1024\" src=\"https:\/\/datajusta.cl\/wp-content\/uploads\/2026\/01\/WhatsApp-Image-2026-01-28-at-13.36.47-576x1024.jpeg\" alt=\"\" class=\"wp-image-1993\" srcset=\"https:\/\/datajusta.cl\/wp-content\/uploads\/2026\/01\/WhatsApp-Image-2026-01-28-at-13.36.47-576x1024.jpeg 576w, https:\/\/datajusta.cl\/wp-content\/uploads\/2026\/01\/WhatsApp-Image-2026-01-28-at-13.36.47-169x300.jpeg 169w, https:\/\/datajusta.cl\/wp-content\/uploads\/2026\/01\/WhatsApp-Image-2026-01-28-at-13.36.47-7x12.jpeg 7w, https:\/\/datajusta.cl\/wp-content\/uploads\/2026\/01\/WhatsApp-Image-2026-01-28-at-13.36.47.jpeg 720w\" sizes=\"(max-width: 576px) 100vw, 576px\" \/><\/figure>\n\n\n\n<p>A partir del an\u00e1lisis comparado de normativas de distintos pa\u00edses de la regi\u00f3n, las investigadoras mostraron que estas leyes funcionan como puntos de partida de entramados compuestos por categor\u00edas legales, registros administrativos y procedimientos judiciales. En ese marco, se identificaron distintas formas de entender el femicidio y el feminicidio \u2014como crimen de odio, expresi\u00f3n de desigualdad de poder o culminaci\u00f3n de un continuo de violencias\u2014, cada una con implicancias distintas para la responsabilidad del Estado y sus obligaciones de prevenci\u00f3n, sanci\u00f3n y reparaci\u00f3n.<\/p>\n\n\n\n<p>La ponencia tambi\u00e9n puso \u00e9nfasis en las <strong>infraestructuras de datos<\/strong> como un campo de disputa clave en la justicia de g\u00e9nero. Si bien los Estados producen evidencias, registros y estad\u00edsticas sobre femicidio, estos datos no siempre se traducen en aprendizajes institucionales ni en transformaciones de las pol\u00edticas p\u00fablicas. En ese sentido, se plante\u00f3 que lo que no se nombra ni se registra queda fuera del campo de acci\u00f3n estatal, afectando directamente el acceso a la justicia y la visibilizaci\u00f3n de las violencias.<\/p>\n\n\n\n<p>La participaci\u00f3n de <strong>Data Justa<\/strong> en este encuentro se inscribe en su compromiso por aportar a debates cr\u00edticos sobre datos, derechos humanos y g\u00e9nero, dialogando con comunidades acad\u00e9micas interdisciplinarias y contribuyendo a pensar c\u00f3mo los Estados producen, usan \u2014o dejan de usar\u2014 la informaci\u00f3n que generan frente a violencias estructurales.<\/p>\n\n\n\n<p><\/p>\n","protected":false},"excerpt":{"rendered":"<p>En el marco del XIII Encuentro Red CTS, realizado en la Universidad de Concepci\u00f3n, las investigadoras Paola Moreno y Oriana Bernasconi presentaron la ponencia \u201cContar para existir: femicidio, feminicidio e infraestructuras de datos en la justicia de g\u00e9nero en Am\u00e9rica Latina\u201d, como parte de la Mesa \u201cAn\u00e1lisis cr\u00edtico de pol\u00edticas p\u00fablicas II\u201d.<\/p>\n","protected":false},"author":8,"featured_media":1993,"comment_status":"open","ping_status":"open","sticky":false,"template":"","format":"standard","meta":{"_acf_changed":false,"site-sidebar-layout":"default","site-content-layout":"","ast-site-content-layout":"","site-content-style":"default","site-sidebar-style":"default","ast-global-header-display":"","ast-banner-title-visibility":"","ast-main-header-display":"","ast-hfb-above-header-display":"","ast-hfb-below-header-display":"","ast-hfb-mobile-header-display":"","site-post-title":"","ast-breadcrumbs-content":"","ast-featured-img":"disabled","footer-sml-layout":"","theme-transparent-header-meta":"","adv-header-id-meta":"","stick-header-meta":"","header-above-stick-meta":"","header-main-stick-meta":"","header-below-stick-meta":"","astra-migrate-meta-layouts":"default","ast-page-background-enabled":"default","ast-page-background-meta":{"desktop":{"background-color":"var(--ast-global-color-4)","background-image":"","background-repeat":"repeat","background-position":"center center","background-size":"auto","background-attachment":"scroll","background-type":"","background-media":"","overlay-type":"","overlay-color":"","overlay-opacity":"","overlay-gradient":""},"tablet":{"background-color":"","background-image":"","background-repeat":"repeat","background-position":"center center","background-size":"auto","background-attachment":"scroll","background-type":"","background-media":"","overlay-type":"","overlay-color":"","overlay-opacity":"","overlay-gradient":""},"mobile":{"background-color":"","background-image":"","background-repeat":"repeat","background-position":"center center","background-size":"auto","background-attachment":"scroll","background-type":"","background-media":"","overlay-type":"","overlay-color":"","overlay-opacity":"","overlay-gradient":""}},"ast-content-background-meta":{"desktop":{"background-color":"var(--ast-global-color-5)","background-image":"","background-repeat":"repeat","background-position":"center center","background-size":"auto","background-attachment":"scroll","background-type":"","background-media":"","overlay-type":"","overlay-color":"","overlay-opacity":"","overlay-gradient":""},"tablet":{"background-color":"var(--ast-global-color-5)","background-image":"","background-repeat":"repeat","background-position":"center center","background-size":"auto","background-attachment":"scroll","background-type":"","background-media":"","overlay-type":"","overlay-color":"","overlay-opacity":"","overlay-gradient":""},"mobile":{"background-color":"var(--ast-global-color-5)","background-image":"","background-repeat":"repeat","background-position":"center center","background-size":"auto","background-attachment":"scroll","background-type":"","background-media":"","overlay-type":"","overlay-color":"","overlay-opacity":"","overlay-gradient":""}},"footnotes":""},"categories":[1],"tags":[],"estado_de_convocatoria":[],"class_list":["post-1991","post","type-post","status-publish","format-standard","has-post-thumbnail","hentry","category-noticias"],"acf":[],"yoast_head":"<!-- This site is optimized with the Yoast SEO plugin v26.6 - https:\/\/yoast.com\/wordpress\/plugins\/seo\/ -->\n<title>Contar para existir: datos, g\u00e9nero y justicia en la respuesta estatal al femi(ni)cidio - Data Justa<\/title>\n<meta name=\"robots\" content=\"index, follow, max-snippet:-1, max-image-preview:large, max-video-preview:-1\" \/>\n<link rel=\"canonical\" href=\"https:\/\/datajusta.cl\/es\/noticias\/contar-para-existir-datos-genero-y-justicia-en-la-respuesta-estatal-al-feminicidio\/\" \/>\n<meta property=\"og:locale\" content=\"es_ES\" \/>\n<meta property=\"og:type\" content=\"article\" \/>\n<meta property=\"og:title\" content=\"Contar para existir: datos, g\u00e9nero y justicia en la respuesta estatal al femi(ni)cidio - Data Justa\" \/>\n<meta property=\"og:description\" content=\"En el marco del XIII Encuentro Red CTS, realizado en la Universidad de Concepci\u00f3n, las investigadoras Paola Moreno y Oriana Bernasconi presentaron la ponencia \u201cContar para existir: femicidio, feminicidio e infraestructuras de datos en la justicia de g\u00e9nero en Am\u00e9rica Latina\u201d, como parte de la Mesa \u201cAn\u00e1lisis cr\u00edtico de pol\u00edticas p\u00fablicas II\u201d.\" \/>\n<meta property=\"og:url\" content=\"https:\/\/datajusta.cl\/es\/noticias\/contar-para-existir-datos-genero-y-justicia-en-la-respuesta-estatal-al-feminicidio\/\" \/>\n<meta property=\"og:site_name\" content=\"Data Justa\" \/>\n<meta property=\"article:publisher\" content=\"https:\/\/www.facebook.com\/profile.php?id=61568091486805\" \/>\n<meta property=\"article:published_time\" content=\"2026-01-28T16:39:41+00:00\" \/>\n<meta property=\"article:modified_time\" content=\"2026-01-28T16:39:42+00:00\" \/>\n<meta property=\"og:image\" content=\"https:\/\/datajusta.cl\/wp-content\/uploads\/2026\/01\/WhatsApp-Image-2026-01-28-at-13.36.47.jpeg\" \/>\n\t<meta property=\"og:image:width\" content=\"720\" \/>\n\t<meta property=\"og:image:height\" content=\"1280\" \/>\n\t<meta property=\"og:image:type\" content=\"image\/jpeg\" \/>\n<meta name=\"author\" content=\"dmansilla\" \/>\n<meta name=\"twitter:card\" content=\"summary_large_image\" \/>\n<meta name=\"twitter:label1\" content=\"Escrito por\" \/>\n\t<meta name=\"twitter:data1\" content=\"dmansilla\" \/>\n\t<meta name=\"twitter:label2\" content=\"Tiempo de lectura\" \/>\n\t<meta name=\"twitter:data2\" content=\"2 minutos\" \/>\n<script type=\"application\/ld+json\" class=\"yoast-schema-graph\">{\"@context\":\"https:\/\/schema.org\",\"@graph\":[{\"@type\":\"Article\",\"@id\":\"https:\/\/datajusta.cl\/noticias\/contar-para-existir-datos-genero-y-justicia-en-la-respuesta-estatal-al-feminicidio\/#article\",\"isPartOf\":{\"@id\":\"https:\/\/datajusta.cl\/noticias\/contar-para-existir-datos-genero-y-justicia-en-la-respuesta-estatal-al-feminicidio\/\"},\"author\":{\"name\":\"dmansilla\",\"@id\":\"https:\/\/datajusta.cl\/#\/schema\/person\/f03d1ebec1124fa75c3d7f7f949c1f59\"},\"headline\":\"Contar para existir: datos, g\u00e9nero y justicia en la respuesta estatal al femi(ni)cidio\",\"datePublished\":\"2026-01-28T16:39:41+00:00\",\"dateModified\":\"2026-01-28T16:39:42+00:00\",\"mainEntityOfPage\":{\"@id\":\"https:\/\/datajusta.cl\/noticias\/contar-para-existir-datos-genero-y-justicia-en-la-respuesta-estatal-al-feminicidio\/\"},\"wordCount\":395,\"commentCount\":0,\"publisher\":{\"@id\":\"https:\/\/datajusta.cl\/#organization\"},\"image\":{\"@id\":\"https:\/\/datajusta.cl\/noticias\/contar-para-existir-datos-genero-y-justicia-en-la-respuesta-estatal-al-feminicidio\/#primaryimage\"},\"thumbnailUrl\":\"https:\/\/datajusta.cl\/wp-content\/uploads\/2026\/01\/WhatsApp-Image-2026-01-28-at-13.36.47.jpeg\",\"articleSection\":[\"Noticias\"],\"inLanguage\":\"es\",\"potentialAction\":[{\"@type\":\"CommentAction\",\"name\":\"Comment\",\"target\":[\"https:\/\/datajusta.cl\/noticias\/contar-para-existir-datos-genero-y-justicia-en-la-respuesta-estatal-al-feminicidio\/#respond\"]}]},{\"@type\":\"WebPage\",\"@id\":\"https:\/\/datajusta.cl\/noticias\/contar-para-existir-datos-genero-y-justicia-en-la-respuesta-estatal-al-feminicidio\/\",\"url\":\"https:\/\/datajusta.cl\/noticias\/contar-para-existir-datos-genero-y-justicia-en-la-respuesta-estatal-al-feminicidio\/\",\"name\":\"Contar para existir: datos, g\u00e9nero y justicia en la respuesta estatal al femi(ni)cidio - Data Justa\",\"isPartOf\":{\"@id\":\"https:\/\/datajusta.cl\/#website\"},\"primaryImageOfPage\":{\"@id\":\"https:\/\/datajusta.cl\/noticias\/contar-para-existir-datos-genero-y-justicia-en-la-respuesta-estatal-al-feminicidio\/#primaryimage\"},\"image\":{\"@id\":\"https:\/\/datajusta.cl\/noticias\/contar-para-existir-datos-genero-y-justicia-en-la-respuesta-estatal-al-feminicidio\/#primaryimage\"},\"thumbnailUrl\":\"https:\/\/datajusta.cl\/wp-content\/uploads\/2026\/01\/WhatsApp-Image-2026-01-28-at-13.36.47.jpeg\",\"datePublished\":\"2026-01-28T16:39:41+00:00\",\"dateModified\":\"2026-01-28T16:39:42+00:00\",\"breadcrumb\":{\"@id\":\"https:\/\/datajusta.cl\/noticias\/contar-para-existir-datos-genero-y-justicia-en-la-respuesta-estatal-al-feminicidio\/#breadcrumb\"},\"inLanguage\":\"es\",\"potentialAction\":[{\"@type\":\"ReadAction\",\"target\":[\"https:\/\/datajusta.cl\/noticias\/contar-para-existir-datos-genero-y-justicia-en-la-respuesta-estatal-al-feminicidio\/\"]}]},{\"@type\":\"ImageObject\",\"inLanguage\":\"es\",\"@id\":\"https:\/\/datajusta.cl\/noticias\/contar-para-existir-datos-genero-y-justicia-en-la-respuesta-estatal-al-feminicidio\/#primaryimage\",\"url\":\"https:\/\/datajusta.cl\/wp-content\/uploads\/2026\/01\/WhatsApp-Image-2026-01-28-at-13.36.47.jpeg\",\"contentUrl\":\"https:\/\/datajusta.cl\/wp-content\/uploads\/2026\/01\/WhatsApp-Image-2026-01-28-at-13.36.47.jpeg\",\"width\":720,\"height\":1280},{\"@type\":\"BreadcrumbList\",\"@id\":\"https:\/\/datajusta.cl\/noticias\/contar-para-existir-datos-genero-y-justicia-en-la-respuesta-estatal-al-feminicidio\/#breadcrumb\",\"itemListElement\":[{\"@type\":\"ListItem\",\"position\":1,\"name\":\"Home\",\"item\":\"https:\/\/datajusta.cl\/\"},{\"@type\":\"ListItem\",\"position\":2,\"name\":\"Contar para existir: datos, g\u00e9nero y justicia en la respuesta estatal al femi(ni)cidio\"}]},{\"@type\":\"WebSite\",\"@id\":\"https:\/\/datajusta.cl\/#website\",\"url\":\"https:\/\/datajusta.cl\/\",\"name\":\"NupatS\",\"description\":\"N\u00facleo Milenio DATA JUSTA\",\"publisher\":{\"@id\":\"https:\/\/datajusta.cl\/#organization\"},\"potentialAction\":[{\"@type\":\"SearchAction\",\"target\":{\"@type\":\"EntryPoint\",\"urlTemplate\":\"https:\/\/datajusta.cl\/?s={search_term_string}\"},\"query-input\":{\"@type\":\"PropertyValueSpecification\",\"valueRequired\":true,\"valueName\":\"search_term_string\"}}],\"inLanguage\":\"es\"},{\"@type\":\"Organization\",\"@id\":\"https:\/\/datajusta.cl\/#organization\",\"name\":\"NupatS\",\"url\":\"https:\/\/datajusta.cl\/\",\"logo\":{\"@type\":\"ImageObject\",\"inLanguage\":\"es\",\"@id\":\"https:\/\/datajusta.cl\/#\/schema\/logo\/image\/\",\"url\":\"https:\/\/datajusta.cl\/wp-content\/uploads\/2024\/11\/logo-horizontal.webp\",\"contentUrl\":\"https:\/\/datajusta.cl\/wp-content\/uploads\/2024\/11\/logo-horizontal.webp\",\"width\":600,\"height\":228,\"caption\":\"NupatS\"},\"image\":{\"@id\":\"https:\/\/datajusta.cl\/#\/schema\/logo\/image\/\"},\"sameAs\":[\"https:\/\/www.facebook.com\/profile.php?id=61568091486805\",\"https:\/\/www.instagram.com\/nucleomilenionupats\",\"https:\/\/www.linkedin.com\/company\/ncleo-milenio-nupats\/\"]},{\"@type\":\"Person\",\"@id\":\"https:\/\/datajusta.cl\/#\/schema\/person\/f03d1ebec1124fa75c3d7f7f949c1f59\",\"name\":\"dmansilla\",\"image\":{\"@type\":\"ImageObject\",\"inLanguage\":\"es\",\"@id\":\"https:\/\/datajusta.cl\/#\/schema\/person\/image\/\",\"url\":\"https:\/\/secure.gravatar.com\/avatar\/cc1bd36828d12a41477e19ead58cb667737a9b72847780b8f6c56f241eee09c0?s=96&d=mm&r=g\",\"contentUrl\":\"https:\/\/secure.gravatar.com\/avatar\/cc1bd36828d12a41477e19ead58cb667737a9b72847780b8f6c56f241eee09c0?s=96&d=mm&r=g\",\"caption\":\"dmansilla\"},\"url\":\"https:\/\/datajusta.cl\/es\/author\/dmansilla\/\"}]}<\/script>\n<!-- \/ Yoast SEO plugin. -->","yoast_head_json":{"title":"Contar para existir: datos, g\u00e9nero y justicia en la respuesta estatal al femi(ni)cidio - Data Justa","robots":{"index":"index","follow":"follow","max-snippet":"max-snippet:-1","max-image-preview":"max-image-preview:large","max-video-preview":"max-video-preview:-1"},"canonical":"https:\/\/datajusta.cl\/es\/noticias\/contar-para-existir-datos-genero-y-justicia-en-la-respuesta-estatal-al-feminicidio\/","og_locale":"es_ES","og_type":"article","og_title":"Contar para existir: datos, g\u00e9nero y justicia en la respuesta estatal al femi(ni)cidio - Data Justa","og_description":"En el marco del XIII Encuentro Red CTS, realizado en la Universidad de Concepci\u00f3n, las investigadoras Paola Moreno y Oriana Bernasconi presentaron la ponencia \u201cContar para existir: femicidio, feminicidio e infraestructuras de datos en la justicia de g\u00e9nero en Am\u00e9rica Latina\u201d, como parte de la Mesa \u201cAn\u00e1lisis cr\u00edtico de pol\u00edticas p\u00fablicas II\u201d.","og_url":"https:\/\/datajusta.cl\/es\/noticias\/contar-para-existir-datos-genero-y-justicia-en-la-respuesta-estatal-al-feminicidio\/","og_site_name":"Data Justa","article_publisher":"https:\/\/www.facebook.com\/profile.php?id=61568091486805","article_published_time":"2026-01-28T16:39:41+00:00","article_modified_time":"2026-01-28T16:39:42+00:00","og_image":[{"width":720,"height":1280,"url":"https:\/\/datajusta.cl\/wp-content\/uploads\/2026\/01\/WhatsApp-Image-2026-01-28-at-13.36.47.jpeg","type":"image\/jpeg"}],"author":"dmansilla","twitter_card":"summary_large_image","twitter_misc":{"Escrito por":"dmansilla","Tiempo de lectura":"2 minutos"},"schema":{"@context":"https:\/\/schema.org","@graph":[{"@type":"Article","@id":"https:\/\/datajusta.cl\/noticias\/contar-para-existir-datos-genero-y-justicia-en-la-respuesta-estatal-al-feminicidio\/#article","isPartOf":{"@id":"https:\/\/datajusta.cl\/noticias\/contar-para-existir-datos-genero-y-justicia-en-la-respuesta-estatal-al-feminicidio\/"},"author":{"name":"dmansilla","@id":"https:\/\/datajusta.cl\/#\/schema\/person\/f03d1ebec1124fa75c3d7f7f949c1f59"},"headline":"Contar para existir: datos, g\u00e9nero y justicia en la respuesta estatal al femi(ni)cidio","datePublished":"2026-01-28T16:39:41+00:00","dateModified":"2026-01-28T16:39:42+00:00","mainEntityOfPage":{"@id":"https:\/\/datajusta.cl\/noticias\/contar-para-existir-datos-genero-y-justicia-en-la-respuesta-estatal-al-feminicidio\/"},"wordCount":395,"commentCount":0,"publisher":{"@id":"https:\/\/datajusta.cl\/#organization"},"image":{"@id":"https:\/\/datajusta.cl\/noticias\/contar-para-existir-datos-genero-y-justicia-en-la-respuesta-estatal-al-feminicidio\/#primaryimage"},"thumbnailUrl":"https:\/\/datajusta.cl\/wp-content\/uploads\/2026\/01\/WhatsApp-Image-2026-01-28-at-13.36.47.jpeg","articleSection":["Noticias"],"inLanguage":"es","potentialAction":[{"@type":"CommentAction","name":"Comment","target":["https:\/\/datajusta.cl\/noticias\/contar-para-existir-datos-genero-y-justicia-en-la-respuesta-estatal-al-feminicidio\/#respond"]}]},{"@type":"WebPage","@id":"https:\/\/datajusta.cl\/noticias\/contar-para-existir-datos-genero-y-justicia-en-la-respuesta-estatal-al-feminicidio\/","url":"https:\/\/datajusta.cl\/noticias\/contar-para-existir-datos-genero-y-justicia-en-la-respuesta-estatal-al-feminicidio\/","name":"Contar para existir: datos, g\u00e9nero y justicia en la respuesta estatal al femi(ni)cidio - Data Justa","isPartOf":{"@id":"https:\/\/datajusta.cl\/#website"},"primaryImageOfPage":{"@id":"https:\/\/datajusta.cl\/noticias\/contar-para-existir-datos-genero-y-justicia-en-la-respuesta-estatal-al-feminicidio\/#primaryimage"},"image":{"@id":"https:\/\/datajusta.cl\/noticias\/contar-para-existir-datos-genero-y-justicia-en-la-respuesta-estatal-al-feminicidio\/#primaryimage"},"thumbnailUrl":"https:\/\/datajusta.cl\/wp-content\/uploads\/2026\/01\/WhatsApp-Image-2026-01-28-at-13.36.47.jpeg","datePublished":"2026-01-28T16:39:41+00:00","dateModified":"2026-01-28T16:39:42+00:00","breadcrumb":{"@id":"https:\/\/datajusta.cl\/noticias\/contar-para-existir-datos-genero-y-justicia-en-la-respuesta-estatal-al-feminicidio\/#breadcrumb"},"inLanguage":"es","potentialAction":[{"@type":"ReadAction","target":["https:\/\/datajusta.cl\/noticias\/contar-para-existir-datos-genero-y-justicia-en-la-respuesta-estatal-al-feminicidio\/"]}]},{"@type":"ImageObject","inLanguage":"es","@id":"https:\/\/datajusta.cl\/noticias\/contar-para-existir-datos-genero-y-justicia-en-la-respuesta-estatal-al-feminicidio\/#primaryimage","url":"https:\/\/datajusta.cl\/wp-content\/uploads\/2026\/01\/WhatsApp-Image-2026-01-28-at-13.36.47.jpeg","contentUrl":"https:\/\/datajusta.cl\/wp-content\/uploads\/2026\/01\/WhatsApp-Image-2026-01-28-at-13.36.47.jpeg","width":720,"height":1280},{"@type":"BreadcrumbList","@id":"https:\/\/datajusta.cl\/noticias\/contar-para-existir-datos-genero-y-justicia-en-la-respuesta-estatal-al-feminicidio\/#breadcrumb","itemListElement":[{"@type":"ListItem","position":1,"name":"Home","item":"https:\/\/datajusta.cl\/"},{"@type":"ListItem","position":2,"name":"Contar para existir: datos, g\u00e9nero y justicia en la respuesta estatal al femi(ni)cidio"}]},{"@type":"WebSite","@id":"https:\/\/datajusta.cl\/#website","url":"https:\/\/datajusta.cl\/","name":"NupatS","description":"N\u00facleo Milenio DATA JUSTA","publisher":{"@id":"https:\/\/datajusta.cl\/#organization"},"potentialAction":[{"@type":"SearchAction","target":{"@type":"EntryPoint","urlTemplate":"https:\/\/datajusta.cl\/?s={search_term_string}"},"query-input":{"@type":"PropertyValueSpecification","valueRequired":true,"valueName":"search_term_string"}}],"inLanguage":"es"},{"@type":"Organization","@id":"https:\/\/datajusta.cl\/#organization","name":"NupatS","url":"https:\/\/datajusta.cl\/","logo":{"@type":"ImageObject","inLanguage":"es","@id":"https:\/\/datajusta.cl\/#\/schema\/logo\/image\/","url":"https:\/\/datajusta.cl\/wp-content\/uploads\/2024\/11\/logo-horizontal.webp","contentUrl":"https:\/\/datajusta.cl\/wp-content\/uploads\/2024\/11\/logo-horizontal.webp","width":600,"height":228,"caption":"NupatS"},"image":{"@id":"https:\/\/datajusta.cl\/#\/schema\/logo\/image\/"},"sameAs":["https:\/\/www.facebook.com\/profile.php?id=61568091486805","https:\/\/www.instagram.com\/nucleomilenionupats","https:\/\/www.linkedin.com\/company\/ncleo-milenio-nupats\/"]},{"@type":"Person","@id":"https:\/\/datajusta.cl\/#\/schema\/person\/f03d1ebec1124fa75c3d7f7f949c1f59","name":"dmansilla","image":{"@type":"ImageObject","inLanguage":"es","@id":"https:\/\/datajusta.cl\/#\/schema\/person\/image\/","url":"https:\/\/secure.gravatar.com\/avatar\/cc1bd36828d12a41477e19ead58cb667737a9b72847780b8f6c56f241eee09c0?s=96&d=mm&r=g","contentUrl":"https:\/\/secure.gravatar.com\/avatar\/cc1bd36828d12a41477e19ead58cb667737a9b72847780b8f6c56f241eee09c0?s=96&d=mm&r=g","caption":"dmansilla"},"url":"https:\/\/datajusta.cl\/es\/author\/dmansilla\/"}]}},"_links":{"self":[{"href":"https:\/\/datajusta.cl\/es\/wp-json\/wp\/v2\/posts\/1991","targetHints":{"allow":["GET"]}}],"collection":[{"href":"https:\/\/datajusta.cl\/es\/wp-json\/wp\/v2\/posts"}],"about":[{"href":"https:\/\/datajusta.cl\/es\/wp-json\/wp\/v2\/types\/post"}],"author":[{"embeddable":true,"href":"https:\/\/datajusta.cl\/es\/wp-json\/wp\/v2\/users\/8"}],"replies":[{"embeddable":true,"href":"https:\/\/datajusta.cl\/es\/wp-json\/wp\/v2\/comments?post=1991"}],"version-history":[{"count":1,"href":"https:\/\/datajusta.cl\/es\/wp-json\/wp\/v2\/posts\/1991\/revisions"}],"predecessor-version":[{"id":1994,"href":"https:\/\/datajusta.cl\/es\/wp-json\/wp\/v2\/posts\/1991\/revisions\/1994"}],"wp:featuredmedia":[{"embeddable":true,"href":"https:\/\/datajusta.cl\/es\/wp-json\/wp\/v2\/media\/1993"}],"wp:attachment":[{"href":"https:\/\/datajusta.cl\/es\/wp-json\/wp\/v2\/media?parent=1991"}],"wp:term":[{"taxonomy":"category","embeddable":true,"href":"https:\/\/datajusta.cl\/es\/wp-json\/wp\/v2\/categories?post=1991"},{"taxonomy":"post_tag","embeddable":true,"href":"https:\/\/datajusta.cl\/es\/wp-json\/wp\/v2\/tags?post=1991"},{"taxonomy":"estado_de_convocatoria","embeddable":true,"href":"https:\/\/datajusta.cl\/es\/wp-json\/wp\/v2\/estado_de_convocatoria?post=1991"}],"curies":[{"name":"wp","href":"https:\/\/api.w.org\/{rel}","templated":true}]}}